{"id":9135,"date":"2026-06-21T07:31:32","date_gmt":"2026-06-21T07:31:32","guid":{"rendered":"https:\/\/www.eranovagroup.com\/?p=9135"},"modified":"2026-06-21T07:31:33","modified_gmt":"2026-06-21T07:31:33","slug":"yunanistan-egitim-sistemi-nasil-isliyor-turk-aileler-icin-kapsamli-rehber","status":"publish","type":"post","link":"https:\/\/www.eranovagroup.com\/yunanistan-egitim-sistemi-nasil-isliyor-turk-aileler-icin-kapsamli-rehber\/","title":{"rendered":"Yunanistan E\u011fitim Sistemi Nas\u0131l \u0130\u015fliyor? T\u00fcrk Aileler \u0130\u00e7in Kapsaml\u0131 Rehber"},"content":{"rendered":"\n<h1 class=\"wp-block-heading\">Yunanistan E\u011fitim Sistemi Nas\u0131l \u0130\u015fliyor? T\u00fcrk Aileler \u0130\u00e7in Kapsaml\u0131 Rehber<\/h1>\n\n\n\n<p class=\"wp-block-paragraph\">\u00c7ocuklar\u0131n\u0131n gelece\u011fini Avrupa&#8217;da planlayan aileler i\u00e7in en \u00f6nemli konulardan biri e\u011fitim sistemidir. Yunanistan, Avrupa Birli\u011fi standartlar\u0131nda e\u011fitim sunarken ayn\u0131 zamanda T\u00fcrk ailelerin kolay adapte olabilece\u011fi bir yap\u0131ya sahiptir.<\/p>\n\n\n\n<p class=\"wp-block-paragraph\">ERANOVA GROUP olarak Yunanistan Golden Visa ve Avrupa oturum s\u00fcre\u00e7lerinde en s\u0131k ald\u0131\u011f\u0131m\u0131z sorulardan biri \u015fudur:<\/p>\n\n\n\n<p class=\"wp-block-paragraph\"><strong>&#8220;\u00c7ocu\u011fum Yunanistan&#8217;da hangi ya\u015fta okula ba\u015flar ve \u00fcniversiteye nas\u0131l haz\u0131rlan\u0131r?&#8221;<\/strong><\/p>\n\n\n\n<p class=\"wp-block-paragraph\">Bu rehberde Yunanistan e\u011fitim sistemini ad\u0131m ad\u0131m inceleyece\u011fiz.<\/p>\n\n\n\n<hr class=\"wp-block-separator has-alpha-channel-opacity\"\/>\n\n\n\n<h2 class=\"wp-block-heading\">1. Yunanistan&#8217;da Zorunlu E\u011fitim Ka\u00e7 Y\u0131l?<\/h2>\n\n\n\n<p class=\"wp-block-paragraph\">Yunanistan&#8217;da zorunlu e\u011fitim 4 ya\u015f\u0131ndan ba\u015flayarak 15 ya\u015f\u0131na kadar devam etmektedir. Sistem okul \u00f6ncesi e\u011fitim, ilkokul ve ortaokul a\u015famalar\u0131ndan olu\u015fur.<\/p>\n\n\n\n<h3 class=\"wp-block-heading\">E\u011fitim Basamaklar\u0131<\/h3>\n\n\n\n<h3 class=\"wp-block-heading\">Anaokulu (Nipiagogeio)<\/h3>\n\n\n\n<ul class=\"wp-block-list\">\n<li>4 &#8211; 6 ya\u015f<\/li>\n<\/ul>\n\n\n\n<h3 class=\"wp-block-heading\">\u0130lkokul (Dimotiko)<\/h3>\n\n\n\n<ul class=\"wp-block-list\">\n<li>6 y\u0131l<\/li>\n\n\n\n<li>6 &#8211; 12 ya\u015f<\/li>\n<\/ul>\n\n\n\n<h3 class=\"wp-block-heading\">Ortaokul (Gymnasio)<\/h3>\n\n\n\n<ul class=\"wp-block-list\">\n<li>3 y\u0131l<\/li>\n\n\n\n<li>12 &#8211; 15 ya\u015f<\/li>\n<\/ul>\n\n\n\n<h3 class=\"wp-block-heading\">Lise (Lykeio)<\/h3>\n\n\n\n<ul class=\"wp-block-list\">\n<li>3 y\u0131l<\/li>\n\n\n\n<li>15 &#8211; 18 ya\u015f<\/li>\n<\/ul>\n\n\n\n<hr class=\"wp-block-separator has-alpha-channel-opacity\"\/>\n\n\n\n<h2 class=\"wp-block-heading\">2. \u00d6\u011frenciler Ne Zaman Alan Se\u00e7imi Yap\u0131yor?<\/h2>\n\n\n\n<p class=\"wp-block-paragraph\">T\u00fcrk e\u011fitim sistemindeki &#8220;alan se\u00e7imi&#8221; benzeri s\u00fcre\u00e7 lise d\u00f6neminde ba\u015flar.<\/p>\n\n\n\n<p class=\"wp-block-paragraph\">\u00d6\u011frenciler 15 ya\u015f\u0131ndan sonra iki ana yol aras\u0131nda tercih yapabilir:<\/p>\n\n\n\n<h3 class=\"wp-block-heading\">Genel Lise (Geniko Lykeio)<\/h3>\n\n\n\n<p class=\"wp-block-paragraph\">\u00dcniversite hedefleyen \u00f6\u011frencilerin tercih etti\u011fi akademik sistemdir.<\/p>\n\n\n\n<h3 class=\"wp-block-heading\">Meslek Lisesi (EPAL)<\/h3>\n\n\n\n<p class=\"wp-block-paragraph\">Teknik ve mesleki e\u011fitim almak isteyen \u00f6\u011frenciler i\u00e7in tasarlanm\u0131\u015ft\u0131r.<\/p>\n\n\n\n<hr class=\"wp-block-separator has-alpha-channel-opacity\"\/>\n\n\n\n<h2 class=\"wp-block-heading\">3. \u00dcniversiteye Haz\u0131rl\u0131k S\u00fcreci Nas\u0131l \u0130\u015fliyor?<\/h2>\n\n\n\n<p class=\"wp-block-paragraph\">Lisenin son y\u0131llar\u0131nda \u00f6\u011frenciler ilgi alanlar\u0131na g\u00f6re belirli akademik gruplara y\u00f6nelir.<\/p>\n\n\n\n<p class=\"wp-block-paragraph\">Bunlar genel olarak:<\/p>\n\n\n\n<ul class=\"wp-block-list\">\n<li>Sa\u011fl\u0131k Bilimleri<\/li>\n\n\n\n<li>M\u00fchendislik ve Fen Bilimleri<\/li>\n\n\n\n<li>Ekonomi ve Bili\u015fim<\/li>\n\n\n\n<li>Sosyal Bilimler ve Hukuk<\/li>\n<\/ul>\n\n\n\n<p class=\"wp-block-paragraph\">alanlar\u0131d\u0131r. \u00d6\u011frenciler \u00fcniversite giri\u015f s\u0131navlar\u0131na bu alanlar \u00fczerinden haz\u0131rlan\u0131rlar.<\/p>\n\n\n\n<hr class=\"wp-block-separator has-alpha-channel-opacity\"\/>\n\n\n\n<h2 class=\"wp-block-heading\">4. Yabanc\u0131 \u00d6\u011frenciler \u0130\u00e7in Uyum Kolay m\u0131?<\/h2>\n\n\n\n<p class=\"wp-block-paragraph\">Evet.<\/p>\n\n\n\n<p class=\"wp-block-paragraph\">Yunanistan son y\u0131llarda farkl\u0131 \u00fclkelerden gelen \u00f6\u011frenciler i\u00e7in \u00e7e\u015fitli destek programlar\u0131 geli\u015ftirmi\u015ftir.<\/p>\n\n\n\n<p class=\"wp-block-paragraph\">\u00d6zellikle:<\/p>\n\n\n\n<ul class=\"wp-block-list\">\n<li>Atina<\/li>\n\n\n\n<li>Selanik<\/li>\n\n\n\n<li>Girit<\/li>\n<\/ul>\n\n\n\n<p class=\"wp-block-paragraph\">gibi b\u00f6lgelerde uluslararas\u0131 \u00f6\u011frenci say\u0131s\u0131 her y\u0131l artmaktad\u0131r.<\/p>\n\n\n\n<p class=\"wp-block-paragraph\">Bir\u00e7ok okul yabanc\u0131 \u00f6\u011frencilerin dil ve adaptasyon s\u00fcre\u00e7lerine destek sa\u011flamaktad\u0131r.<\/p>\n\n\n\n<hr class=\"wp-block-separator has-alpha-channel-opacity\"\/>\n\n\n\n<h2 class=\"wp-block-heading\">5. T\u00fcrk Aileler \u0130\u00e7in En B\u00fcy\u00fck Avantaj Nedir?<\/h2>\n\n\n\n<p class=\"wp-block-paragraph\">ERANOVA GROUP&#8217;un g\u00f6zlemledi\u011fi en \u00f6nemli avantajlardan biri k\u00fclt\u00fcrel yak\u0131nl\u0131kt\u0131r.<\/p>\n\n\n\n<p class=\"wp-block-paragraph\">T\u00fcrk \u00f6\u011frenciler:<\/p>\n\n\n\n<ul class=\"wp-block-list\">\n<li>Akdeniz k\u00fclt\u00fcr\u00fcne kolay uyum sa\u011flar<\/li>\n\n\n\n<li>Benzer aile yap\u0131s\u0131yla kar\u015f\u0131la\u015f\u0131r<\/li>\n\n\n\n<li>Co\u011frafi olarak T\u00fcrkiye&#8217;ye yak\u0131n kal\u0131r<\/li>\n\n\n\n<li>Avrupa Birli\u011fi e\u011fitim sistemine eri\u015fim elde eder<\/li>\n<\/ul>\n\n\n\n<p class=\"wp-block-paragraph\">Bu nedenle bir\u00e7ok aile Yunanistan&#8217;\u0131 Almanya, Hollanda veya Bel\u00e7ika gibi \u00fclkelere g\u00f6re daha kolay ba\u015flang\u0131\u00e7 noktas\u0131 olarak de\u011ferlendirmektedir.<\/p>\n\n\n\n<hr class=\"wp-block-separator has-alpha-channel-opacity\"\/>\n\n\n\n<h2 class=\"wp-block-heading\">6. Yunanistan&#8217;da \u00dcniversite Sonras\u0131 F\u0131rsatlar<\/h2>\n\n\n\n<p class=\"wp-block-paragraph\">Yunanistan&#8217;da lise e\u011fitimi alan \u00f6\u011frenciler Avrupa \u00fcniversitelerine ba\u015fvuru s\u00fcrecinde \u00f6nemli avantaj elde eder.<\/p>\n\n\n\n<p class=\"wp-block-paragraph\">\u00d6zellikle:<\/p>\n\n\n\n<ul class=\"wp-block-list\">\n<li>Almanya<\/li>\n\n\n\n<li>Hollanda<\/li>\n\n\n\n<li>Bel\u00e7ika<\/li>\n\n\n\n<li>Fransa<\/li>\n\n\n\n<li>\u0130talya<\/li>\n<\/ul>\n\n\n\n<p class=\"wp-block-paragraph\">gibi \u00fclkelerdeki \u00fcniversitelere ge\u00e7i\u015f ve akademik hareketlilik imkanlar\u0131 bulunmaktad\u0131r.<\/p>\n\n\n\n<hr class=\"wp-block-separator has-alpha-channel-opacity\"\/>\n\n\n\n<h2 class=\"wp-block-heading\">ERANOVA GROUP ile E\u011fitim ve Oturum Planlamas\u0131<\/h2>\n\n\n\n<p class=\"wp-block-paragraph\">Yunanistan Golden Visa program\u0131 sayesinde aileler yaln\u0131zca yat\u0131r\u0131m yapmaz, ayn\u0131 zamanda \u00e7ocuklar\u0131 i\u00e7in Avrupa&#8217;da e\u011fitim f\u0131rsatlar\u0131na da eri\u015febilir.<\/p>\n\n\n\n<p class=\"wp-block-paragraph\">Daha fazla bilgi i\u00e7in:<\/p>\n\n\n\n<p class=\"has-medium-font-size wp-block-paragraph\">\ud83d\udc49 <a href=\"https:\/\/www.eranovagroup.com\/ilanlar\/?directory_type=genel&amp;custom_field%5Bcustom-select-2%5D=Atina%20Golden%20Visa\" data-type=\"link\" data-id=\"https:\/\/www.eranovagroup.com\/ilanlar\/?directory_type=genel&amp;custom_field%5Bcustom-select-2%5D=Atina%20Golden%20Visa\">Atina Golden Visa<\/a><\/p>\n\n\n\n<p class=\"wp-block-paragraph\">\ud83d\udc49 <a href=\"https:\/\/www.eranovagroup.com\/ilanlar\/?directory_type=genel&amp;custom_field%5Bcustom-select-2%5D=selanik%20Golden%20Visa\" data-type=\"link\" data-id=\"https:\/\/www.eranovagroup.com\/ilanlar\/?directory_type=genel&amp;custom_field%5Bcustom-select-2%5D=selanik%20Golden%20Visa\">Selanik Golden Visa<\/a><\/p>\n\n\n\n<p class=\"wp-block-paragraph\">\ud83d\udc49 <a href=\"https:\/\/www.eranovagroup.com\/ilanlar\/?directory_type=genel&amp;custom_field%5Bcustom-select-2%5D=Girit%20Golden%20Visa\" data-type=\"link\" data-id=\"https:\/\/www.eranovagroup.com\/ilanlar\/?directory_type=genel&amp;custom_field%5Bcustom-select-2%5D=Girit%20Golden%20Visa\">Girit Golden Visa<\/a><\/p>\n\n\n\n<p class=\"wp-block-paragraph\">sayfalar\u0131m\u0131z\u0131 inceleyebilirsiniz.<\/p>\n\n\n\n<hr class=\"wp-block-separator has-alpha-channel-opacity\"\/>\n\n\n\n<h2 class=\"wp-block-heading\">Sonu\u00e7<\/h2>\n\n\n\n<p class=\"wp-block-paragraph\">Yunanistan e\u011fitim sistemi; Avrupa standartlar\u0131, \u00fcniversiteye haz\u0131rl\u0131k imkanlar\u0131, k\u00fclt\u00fcrel yak\u0131nl\u0131k ve aile dostu yap\u0131s\u0131yla T\u00fcrk aileler i\u00e7in g\u00fc\u00e7l\u00fc bir alternatif olu\u015fturmaktad\u0131r.<\/p>\n\n\n\n<p class=\"wp-block-paragraph\">ERANOVA GROUP uzmanlar\u0131, Yunanistan&#8217;da oturum, gayrimenkul yat\u0131r\u0131m\u0131 ve e\u011fitim planlamas\u0131 s\u00fcre\u00e7lerinde yat\u0131r\u0131mc\u0131lara profesyonel destek sunmaktad\u0131r.<\/p>\n\n\n\n<p class=\"wp-block-paragraph\"><\/p>\n","protected":false},"excerpt":{"rendered":"<p>Yunanistan E\u011fitim Sistemi Nas\u0131l \u0130\u015fliyor? T\u00fcrk Aileler \u0130\u00e7in Kapsaml\u0131 Rehber \u00c7ocuklar\u0131n\u0131n gelece\u011fini Avrupa&#8217;da planlayan aileler i\u00e7in en \u00f6nemli konulardan biri e\u011fitim sistemidir. Yunanistan, Avrupa Birli\u011fi standartlar\u0131nda e\u011fitim sunarken ayn\u0131 zamanda T\u00fcrk ailelerin kolay adapte olabilece\u011fi bir yap\u0131ya sahiptir. ERANOVA GROUP olarak Yunanistan Golden Visa ve Avrupa oturum s\u00fcre\u00e7lerinde en s\u0131k ald\u0131\u011f\u0131m\u0131z sorulardan biri \u015fudur: &#8220;\u00c7ocu\u011fum [&hellip;]<\/p>\n","protected":false},"author":1,"featured_media":0,"comment_status":"open","ping_status":"open","sticky":false,"template":"","format":"standard","meta":{"footnotes":""},"categories":[1],"tags":[],"class_list":["post-9135","post","type-post","status-publish","format-standard","hentry","category-genel"],"_links":{"self":[{"href":"https:\/\/www.eranovagroup.com\/wp-json\/wp\/v2\/posts\/9135","targetHints":{"allow":["GET"]}}],"collection":[{"href":"https:\/\/www.eranovagroup.com\/wp-json\/wp\/v2\/posts"}],"about":[{"href":"https:\/\/www.eranovagroup.com\/wp-json\/wp\/v2\/types\/post"}],"author":[{"embeddable":true,"href":"https:\/\/www.eranovagroup.com\/wp-json\/wp\/v2\/users\/1"}],"replies":[{"embeddable":true,"href":"https:\/\/www.eranovagroup.com\/wp-json\/wp\/v2\/comments?post=9135"}],"version-history":[{"count":1,"href":"https:\/\/www.eranovagroup.com\/wp-json\/wp\/v2\/posts\/9135\/revisions"}],"predecessor-version":[{"id":9136,"href":"https:\/\/www.eranovagroup.com\/wp-json\/wp\/v2\/posts\/9135\/revisions\/9136"}],"wp:attachment":[{"href":"https:\/\/www.eranovagroup.com\/wp-json\/wp\/v2\/media?parent=9135"}],"wp:term":[{"taxonomy":"category","embeddable":true,"href":"https:\/\/www.eranovagroup.com\/wp-json\/wp\/v2\/categories?post=9135"},{"taxonomy":"post_tag","embeddable":true,"href":"https:\/\/www.eranovagroup.com\/wp-json\/wp\/v2\/tags?post=9135"}],"curies":[{"name":"wp","href":"https:\/\/api.w.org\/{rel}","templated":true}]}}