{"id":9139,"date":"2026-06-21T22:00:17","date_gmt":"2026-06-21T22:00:17","guid":{"rendered":"https:\/\/www.eranovagroup.com\/?p=9139"},"modified":"2026-06-21T22:00:18","modified_gmt":"2026-06-21T22:00:18","slug":"yunanlarin-gunluk-yasam-aliskanliklari-yunanistana-tasinmayi-dusunenler-icin-rehber","status":"publish","type":"post","link":"https:\/\/www.eranovagroup.com\/yunanlarin-gunluk-yasam-aliskanliklari-yunanistana-tasinmayi-dusunenler-icin-rehber\/","title":{"rendered":"Yunanlar\u0131n G\u00fcnl\u00fck Ya\u015fam Al\u0131\u015fkanl\u0131klar\u0131: Yunanistan&#8217;a Ta\u015f\u0131nmay\u0131 D\u00fc\u015f\u00fcnenler \u0130\u00e7in Rehber"},"content":{"rendered":"\n<h1 class=\"wp-block-heading\">Yunanlar\u0131n G\u00fcnl\u00fck Ya\u015fam Al\u0131\u015fkanl\u0131klar\u0131: Yunanistan&#8217;a Ta\u015f\u0131nmay\u0131 D\u00fc\u015f\u00fcnenler \u0130\u00e7in Rehber<\/h1>\n\n\n\n<p class=\"wp-block-paragraph\">Yunanistan yaln\u0131zca Golden Visa program\u0131 ve Avrupa oturum f\u0131rsatlar\u0131yla de\u011fil, ayn\u0131 zamanda s\u0131cak insanlar\u0131 ve Akdeniz ya\u015fam tarz\u0131yla da dikkat \u00e7ekmektedir. \u00d6zellikle T\u00fcrk aileler i\u00e7in Yunanistan&#8217;a uyum sa\u011flamak bir\u00e7ok Avrupa \u00fclkesine g\u00f6re daha kolay olabilmektedir.<\/p>\n\n\n\n<p class=\"wp-block-paragraph\">ERANOVA GROUP olarak Yunanistan&#8217;a ta\u015f\u0131nmay\u0131 planlayan yat\u0131r\u0131mc\u0131lar\u0131n en \u00e7ok merak etti\u011fi konulardan biri de Yunanlar\u0131n g\u00fcnl\u00fck ya\u015fam al\u0131\u015fkanl\u0131klar\u0131d\u0131r.<\/p>\n\n\n\n<h2 class=\"wp-block-heading\">1. Aile Hayat\u0131 \u00c7ok \u00d6nemlidir<\/h2>\n\n\n\n<p class=\"wp-block-paragraph\">Yunan toplumunda aile ba\u011flar\u0131 olduk\u00e7a g\u00fc\u00e7l\u00fcd\u00fcr. Hafta sonlar\u0131 aile yemekleri, bayram kutlamalar\u0131 ve aile ziyaretleri g\u00fcnl\u00fck ya\u015fam\u0131n \u00f6nemli bir par\u00e7as\u0131d\u0131r.<\/p>\n\n\n\n<p class=\"wp-block-paragraph\">Bu y\u00f6n\u00fcyle T\u00fcrk ve Yunan k\u00fclt\u00fcrleri birbirine olduk\u00e7a benzemektedir.<\/p>\n\n\n\n<hr class=\"wp-block-separator has-alpha-channel-opacity\"\/>\n\n\n\n<h2 class=\"wp-block-heading\">2. Kahve K\u00fclt\u00fcr\u00fc Hayat\u0131n Bir Par\u00e7as\u0131d\u0131r<\/h2>\n\n\n\n<p class=\"wp-block-paragraph\">Yunanlar kahve i\u00e7meyi ve uzun sohbetleri sever.<\/p>\n\n\n\n<p class=\"wp-block-paragraph\">Bir kafede saatlerce oturup arkada\u015flarla sohbet etmek olduk\u00e7a yayg\u0131n bir al\u0131\u015fkanl\u0131kt\u0131r.<\/p>\n\n\n\n<p class=\"wp-block-paragraph\">\u00d6zellikle:<\/p>\n\n\n\n<ul class=\"wp-block-list\">\n<li>Freddo Espresso<\/li>\n\n\n\n<li>Freddo Cappuccino<\/li>\n\n\n\n<li>Greek Coffee<\/li>\n<\/ul>\n\n\n\n<p class=\"wp-block-paragraph\">en pop\u00fcler i\u00e7ecekler aras\u0131nda yer almaktad\u0131r.<\/p>\n\n\n\n<hr class=\"wp-block-separator has-alpha-channel-opacity\"\/>\n\n\n\n<h2 class=\"wp-block-heading\">3. Aceleci Bir Ya\u015fam Tarz\u0131 Yoktur<\/h2>\n\n\n\n<p class=\"wp-block-paragraph\">Yunanistan&#8217;da insanlar i\u015f ve \u00f6zel ya\u015fam aras\u0131nda denge kurmaya \u00f6nem verir.<\/p>\n\n\n\n<p class=\"wp-block-paragraph\">\u00d6zellikle k\u00fc\u00e7\u00fck \u015fehirlerde ve adalarda ya\u015fam temposu olduk\u00e7a sakindir.<\/p>\n\n\n\n<p class=\"wp-block-paragraph\">Bu durum bir\u00e7ok yabanc\u0131 yat\u0131r\u0131mc\u0131n\u0131n dikkatini \u00e7ekmektedir.<\/p>\n\n\n\n<hr class=\"wp-block-separator has-alpha-channel-opacity\"\/>\n\n\n\n<h2 class=\"wp-block-heading\">4. Uzun Ak\u015fam Yemekleri Yayg\u0131nd\u0131r<\/h2>\n\n\n\n<p class=\"wp-block-paragraph\">Yunanlar ak\u015fam yemeklerini genellikle ge\u00e7 saatlerde yer.<\/p>\n\n\n\n<p class=\"wp-block-paragraph\">Arkada\u015flarla veya aile \u00fcyeleriyle uzun sofralarda vakit ge\u00e7irmek sosyal ya\u015fam\u0131n \u00f6nemli bir par\u00e7as\u0131d\u0131r.<\/p>\n\n\n\n<hr class=\"wp-block-separator has-alpha-channel-opacity\"\/>\n\n\n\n<h2 class=\"wp-block-heading\">5. Kom\u015fuluk K\u00fclt\u00fcr\u00fc H\u00e2l\u00e2 G\u00fc\u00e7l\u00fcd\u00fcr<\/h2>\n\n\n\n<p class=\"wp-block-paragraph\">B\u00fcy\u00fck \u015fehirlerde bile kom\u015fuluk ili\u015fkileri tamamen kaybolmam\u0131\u015ft\u0131r.<\/p>\n\n\n\n<p class=\"wp-block-paragraph\">\u00d6zellikle apartman ya\u015fam\u0131nda insanlar birbirlerini tan\u0131maya ve sosyal ili\u015fkilerini korumaya \u00f6nem verir.<\/p>\n\n\n\n<hr class=\"wp-block-separator has-alpha-channel-opacity\"\/>\n\n\n\n<h2 class=\"wp-block-heading\">6. Deniz ve A\u00e7\u0131k Hava Ya\u015fam\u0131 \u00d6nemlidir<\/h2>\n\n\n\n<p class=\"wp-block-paragraph\">Yunanistan&#8217;da insanlar bo\u015f zamanlar\u0131n\u0131 d\u0131\u015far\u0131da ge\u00e7irmeyi sever.<\/p>\n\n\n\n<p class=\"wp-block-paragraph\">Sahil y\u00fcr\u00fcy\u00fc\u015fleri, kafeler, restoranlar ve a\u00e7\u0131k hava etkinlikleri g\u00fcnl\u00fck ya\u015fam\u0131n \u00f6nemli par\u00e7alar\u0131d\u0131r.<\/p>\n\n\n\n<p class=\"wp-block-paragraph\">\u00d6zellikle Atina Rivieras\u0131, Selanik sahili ve Girit&#8217;te bu ya\u015fam tarz\u0131 daha belirgin \u015fekilde g\u00f6r\u00fclmektedir.<\/p>\n\n\n\n<hr class=\"wp-block-separator has-alpha-channel-opacity\"\/>\n\n\n\n<h2 class=\"wp-block-heading\">7. Misafirperverlik K\u00fclt\u00fcr\u00fcn Bir Par\u00e7as\u0131d\u0131r<\/h2>\n\n\n\n<p class=\"wp-block-paragraph\">Yunanlar genel olarak misafirperver insanlard\u0131r.<\/p>\n\n\n\n<p class=\"wp-block-paragraph\">Yeni ta\u015f\u0131nan yabanc\u0131lara kar\u015f\u0131 s\u0131cak davranmalar\u0131 ve sosyal ili\u015fkilere \u00f6nem vermeleri, uyum s\u00fcrecini kolayla\u015ft\u0131rmaktad\u0131r.<\/p>\n\n\n\n<hr class=\"wp-block-separator has-alpha-channel-opacity\"\/>\n\n\n\n<h2 class=\"wp-block-heading\">T\u00fcrkler ve Yunanlar Aras\u0131ndaki Benzerlikler<\/h2>\n\n\n\n<p class=\"wp-block-paragraph\">Bir\u00e7ok yat\u0131r\u0131mc\u0131 Yunanistan&#8217;a ta\u015f\u0131nd\u0131ktan sonra \u015fu benzerlikleri fark etmektedir:<\/p>\n\n\n\n<p class=\"wp-block-paragraph\">\u2714 G\u00fc\u00e7l\u00fc aile ba\u011flar\u0131<\/p>\n\n\n\n<p class=\"wp-block-paragraph\">\u2714 Misafirperverlik<\/p>\n\n\n\n<p class=\"wp-block-paragraph\">\u2714 Zengin mutfak k\u00fclt\u00fcr\u00fc<\/p>\n\n\n\n<p class=\"wp-block-paragraph\">\u2714 Kom\u015fuluk ili\u015fkileri<\/p>\n\n\n\n<p class=\"wp-block-paragraph\">\u2714 Kahve ve sohbet k\u00fclt\u00fcr\u00fc<\/p>\n\n\n\n<p class=\"wp-block-paragraph\">\u2714 Akdeniz ya\u015fam tarz\u0131<\/p>\n\n\n\n<p class=\"wp-block-paragraph\">Bu nedenle T\u00fcrk aileler Yunanistan&#8217;a di\u011fer bir\u00e7ok Avrupa \u00fclkesine k\u0131yasla daha kolay uyum sa\u011flayabilmektedir.<\/p>\n\n\n\n<hr class=\"wp-block-separator has-alpha-channel-opacity\"\/>\n\n\n\n<h2 class=\"wp-block-heading\">ERANOVA GROUP ile Yunanistan&#8217;da Yeni Bir Hayat<\/h2>\n\n\n\n<p class=\"wp-block-paragraph\">Yunanistan&#8217;da ya\u015fam, e\u011fitim ve yat\u0131r\u0131m f\u0131rsatlar\u0131 hakk\u0131nda daha fazla bilgi almak i\u00e7in a\u015fa\u011f\u0131daki sayfalar\u0131m\u0131z\u0131 inceleyebilirsiniz.<\/p>\n\n\n\n<p class=\"wp-block-paragraph\">\ud83d\udc49 Yunanistan Golden Visa Projeleri<\/p>\n\n\n\n<p class=\"wp-block-paragraph\">\ud83d\udc49 S\u0131k\u00e7a Sorulan Sorular<\/p>\n\n\n\n<p class=\"wp-block-paragraph\">\ud83d\udc49 Yunanistan Rehberi ve Makaleler<\/p>\n\n\n\n<h2 class=\"wp-block-heading\">Sonu\u00e7<\/h2>\n\n\n\n<p class=\"wp-block-paragraph\">Yunanistan, Avrupa ya\u015fam standartlar\u0131n\u0131 Akdeniz k\u00fclt\u00fcr\u00fcyle birle\u015ftiren \u00fclkelerden biridir. G\u00fc\u00e7l\u00fc aile yap\u0131s\u0131, sakin ya\u015fam tarz\u0131, misafirperver insanlar\u0131 ve k\u00fclt\u00fcrel yak\u0131nl\u0131\u011f\u0131 sayesinde T\u00fcrk yat\u0131r\u0131mc\u0131lar i\u00e7in hem ya\u015famak hem de yat\u0131r\u0131m yapmak a\u00e7\u0131s\u0131ndan cazip bir se\u00e7enek olmaya devam etmektedir.<\/p>\n\n\n\n<p class=\"wp-block-paragraph\">ERANOVA GROUP, Yunanistan Golden Visa ve Avrupa oturum s\u00fcre\u00e7lerinde yat\u0131r\u0131mc\u0131lar\u0131na profesyonel dan\u0131\u015fmanl\u0131k hizmeti sunmaktad\u0131r.<\/p>\n\n\n\n<p class=\"wp-block-paragraph\"><\/p>\n","protected":false},"excerpt":{"rendered":"<p>Yunanlar\u0131n G\u00fcnl\u00fck Ya\u015fam Al\u0131\u015fkanl\u0131klar\u0131: Yunanistan&#8217;a Ta\u015f\u0131nmay\u0131 D\u00fc\u015f\u00fcnenler \u0130\u00e7in Rehber Yunanistan yaln\u0131zca Golden Visa program\u0131 ve Avrupa oturum f\u0131rsatlar\u0131yla de\u011fil, ayn\u0131 zamanda s\u0131cak insanlar\u0131 ve Akdeniz ya\u015fam tarz\u0131yla da dikkat \u00e7ekmektedir. \u00d6zellikle T\u00fcrk aileler i\u00e7in Yunanistan&#8217;a uyum sa\u011flamak bir\u00e7ok Avrupa \u00fclkesine g\u00f6re daha kolay olabilmektedir. ERANOVA GROUP olarak Yunanistan&#8217;a ta\u015f\u0131nmay\u0131 planlayan yat\u0131r\u0131mc\u0131lar\u0131n en \u00e7ok merak etti\u011fi [&hellip;]<\/p>\n","protected":false},"author":1,"featured_media":0,"comment_status":"open","ping_status":"open","sticky":false,"template":"","format":"standard","meta":{"footnotes":""},"categories":[1],"tags":[],"class_list":["post-9139","post","type-post","status-publish","format-standard","hentry","category-genel"],"_links":{"self":[{"href":"https:\/\/www.eranovagroup.com\/wp-json\/wp\/v2\/posts\/9139","targetHints":{"allow":["GET"]}}],"collection":[{"href":"https:\/\/www.eranovagroup.com\/wp-json\/wp\/v2\/posts"}],"about":[{"href":"https:\/\/www.eranovagroup.com\/wp-json\/wp\/v2\/types\/post"}],"author":[{"embeddable":true,"href":"https:\/\/www.eranovagroup.com\/wp-json\/wp\/v2\/users\/1"}],"replies":[{"embeddable":true,"href":"https:\/\/www.eranovagroup.com\/wp-json\/wp\/v2\/comments?post=9139"}],"version-history":[{"count":1,"href":"https:\/\/www.eranovagroup.com\/wp-json\/wp\/v2\/posts\/9139\/revisions"}],"predecessor-version":[{"id":9140,"href":"https:\/\/www.eranovagroup.com\/wp-json\/wp\/v2\/posts\/9139\/revisions\/9140"}],"wp:attachment":[{"href":"https:\/\/www.eranovagroup.com\/wp-json\/wp\/v2\/media?parent=9139"}],"wp:term":[{"taxonomy":"category","embeddable":true,"href":"https:\/\/www.eranovagroup.com\/wp-json\/wp\/v2\/categories?post=9139"},{"taxonomy":"post_tag","embeddable":true,"href":"https:\/\/www.eranovagroup.com\/wp-json\/wp\/v2\/tags?post=9139"}],"curies":[{"name":"wp","href":"https:\/\/api.w.org\/{rel}","templated":true}]}}